{"id":3140,"date":"2024-05-28T20:42:23","date_gmt":"2024-05-28T20:42:23","guid":{"rendered":"https:\/\/verumcrudeli.com\/?p=3140"},"modified":"2024-05-31T19:19:53","modified_gmt":"2024-05-31T19:19:53","slug":"alquiler-vs-salario-1980-2024","status":"publish","type":"post","link":"https:\/\/verumcrudeli.com\/?p=3140","title":{"rendered":"Evolucion del Alquiler vs Salario en los ultimos a\u00f1os"},"content":{"rendered":"\t\t<div data-elementor-type=\"wp-post\" data-elementor-id=\"3140\" class=\"elementor elementor-3140\">\n\t\t\t\t\t\t<section class=\"elementor-section elementor-top-section elementor-element elementor-element-8bc74ec elementor-section-boxed elementor-section-height-default elementor-section-height-default\" data-id=\"8bc74ec\" data-element_type=\"section\">\n\t\t\t\t\t\t<div class=\"elementor-container elementor-column-gap-default\">\n\t\t\t\t\t<div class=\"elementor-column elementor-col-100 elementor-top-column elementor-element elementor-element-0df79c0\" data-id=\"0df79c0\" data-element_type=\"column\">\n\t\t\t<div class=\"elementor-widget-wrap elementor-element-populated\">\n\t\t\t\t\t\t<div class=\"elementor-element elementor-element-e28825c elementor-widget elementor-widget-video\" data-id=\"e28825c\" data-element_type=\"widget\" data-settings=\"{&quot;youtube_url&quot;:&quot;https:\\\/\\\/youtu.be\\\/7dW9NCkX6XE&quot;,&quot;autoplay&quot;:&quot;yes&quot;,&quot;play_on_mobile&quot;:&quot;yes&quot;,&quot;loop&quot;:&quot;yes&quot;,&quot;modestbranding&quot;:&quot;yes&quot;,&quot;video_type&quot;:&quot;youtube&quot;,&quot;controls&quot;:&quot;yes&quot;}\" data-widget_type=\"video.default\">\n\t\t\t\t<div class=\"elementor-widget-container\">\n\t\t\t\t\t<div class=\"elementor-wrapper elementor-open-inline\">\n\t\t\t<div class=\"elementor-video\"><\/div>\t\t<\/div>\n\t\t\t\t<\/div>\n\t\t\t\t<\/div>\n\t\t\t\t\t<\/div>\n\t\t<\/div>\n\t\t\t\t\t<\/div>\n\t\t<\/section>\n\t\t\t\t<section class=\"elementor-section elementor-top-section elementor-element elementor-element-bc7f3b8 elementor-section-boxed elementor-section-height-default elementor-section-height-default\" data-id=\"bc7f3b8\" data-element_type=\"section\">\n\t\t\t\t\t\t<div class=\"elementor-container elementor-column-gap-default\">\n\t\t\t\t\t<div class=\"elementor-column elementor-col-100 elementor-top-column elementor-element elementor-element-274779e\" data-id=\"274779e\" data-element_type=\"column\">\n\t\t\t<div class=\"elementor-widget-wrap elementor-element-populated\">\n\t\t\t\t\t\t<div class=\"elementor-element elementor-element-fb011c8 elementor-widget elementor-widget-text-editor\" data-id=\"fb011c8\" data-element_type=\"widget\" data-widget_type=\"text-editor.default\">\n\t\t\t\t<div class=\"elementor-widget-container\">\n\t\t\t\t\t\t\t<h3>La Evoluci\u00f3n del Salario Medio Mundial versus el Alquiler Medio Mundial<\/h3>\n<p>La relaci\u00f3n entre los salarios y los costos de vivienda es una din\u00e1mica clave en la econom\u00eda global que afecta a millones de personas en su vida diaria. En las \u00faltimas d\u00e9cadas, se ha observado una evoluci\u00f3n significativa tanto en los salarios medios mundiales como en los alquileres medios, con implicaciones profundas para la calidad de vida, el ahorro y la estabilidad financiera de las familias. Este art\u00edculo analiza esta evoluci\u00f3n, sus causas y sus efectos en diferentes regiones del mundo.<\/p>\n<h4>Evoluci\u00f3n de los Salarios Medios Mundiales<\/h4>\n<p>El salario medio mundial ha experimentado un crecimiento desigual desde los a\u00f1os 2000, influenciado por factores como la globalizaci\u00f3n, el avance tecnol\u00f3gico y las pol\u00edticas econ\u00f3micas. A grandes rasgos, los salarios han aumentado en t\u00e9rminos nominales, pero el crecimiento real \u2014ajustado por la inflaci\u00f3n\u2014 ha sido m\u00e1s moderado.<\/p>\n<ol>\n<li>\n<p><strong>A\u00f1os 2000-2010: Expansi\u00f3n y Crisis<\/strong><br>La primera d\u00e9cada del siglo XXI estuvo marcada por un crecimiento econ\u00f3mico robusto en muchas econom\u00edas emergentes, especialmente en Asia, impulsado por la globalizaci\u00f3n y el auge de las tecnolog\u00edas de la informaci\u00f3n. Sin embargo, la crisis financiera de 2008 fren\u00f3 este crecimiento, especialmente en las econom\u00edas desarrolladas, donde los salarios reales se estancaron o incluso disminuyeron en algunos casos.<\/p>\n<\/li>\n<li>\n<p><strong>A\u00f1os 2010-2020: Recuperaci\u00f3n y Desigualdad<\/strong><br>La recuperaci\u00f3n econ\u00f3mica posterior a la crisis fue desigual. Mientras que las econom\u00edas emergentes continuaron experimentando aumentos significativos en los salarios, las econom\u00edas desarrolladas vieron un crecimiento m\u00e1s lento. Adem\u00e1s, la desigualdad salarial se profundiz\u00f3, con los ingresos de los trabajadores altamente cualificados creciendo mucho m\u00e1s r\u00e1pido que los de los trabajadores menos cualificados.<\/p>\n<\/li>\n<li>\n<p><strong>A\u00f1os 2020 en adelante: Pandemia y Transformaci\u00f3n<\/strong><br>La pandemia de COVID-19 tuvo un impacto devastador en la econom\u00eda global, con millones de personas perdiendo sus empleos y los salarios estanc\u00e1ndose o disminuyendo en muchos sectores. Sin embargo, algunos sectores tecnol\u00f3gicos y de servicios experimentaron un auge, lo que llev\u00f3 a aumentos salariales significativos en esas \u00e1reas.<\/p>\n<\/li>\n<\/ol>\n<h4>Evoluci\u00f3n del Alquiler Medio Mundial<\/h4>\n<p>Al igual que los salarios, los alquileres han mostrado una evoluci\u00f3n considerable en las \u00faltimas d\u00e9cadas, con tendencias que var\u00edan significativamente seg\u00fan la regi\u00f3n y el tipo de mercado de vivienda.<\/p>\n<ol>\n<li>\n<p><strong>A\u00f1os 2000-2010: Burbuja y Crisis Inmobiliaria<\/strong><br>Antes de la crisis financiera de 2008, muchos pa\u00edses experimentaron una burbuja inmobiliaria, con aumentos r\u00e1pidos en los precios de las viviendas y, consecuentemente, en los alquileres. La crisis resultante llev\u00f3 a una ca\u00edda abrupta en los precios de las viviendas en muchas econom\u00edas desarrolladas, aunque los alquileres no siempre siguieron la misma tendencia, debido a la creciente demanda de viviendas de alquiler ante la p\u00e9rdida de viviendas en propiedad.<\/p>\n<\/li>\n<li>\n<p><strong>A\u00f1os 2010-2020: Recuperaci\u00f3n y Urbanizaci\u00f3n<\/strong><br>Durante la d\u00e9cada de 2010, la recuperaci\u00f3n econ\u00f3mica, junto con la urbanizaci\u00f3n acelerada, especialmente en econom\u00edas emergentes, impuls\u00f3 un aumento en los precios de los alquileres. Las ciudades globales vieron una demanda creciente de vivienda, lo que llev\u00f3 a una presi\u00f3n al alza en los alquileres, a menudo desproporcionada con respecto al crecimiento salarial.<\/p>\n<\/li>\n<li>\n<p><strong>A\u00f1os 2020 en adelante: Pandemia y Cambios en la Demanda<\/strong><br>La pandemia de COVID-19 tuvo un impacto inmediato en los mercados de alquiler. En muchas ciudades, los alquileres disminuyeron inicialmente debido a la migraci\u00f3n de personas hacia \u00e1reas menos densas y la ca\u00edda de la demanda de alquileres de corto plazo. Sin embargo, a medida que la econom\u00eda se ha recuperado y las pol\u00edticas de trabajo remoto se han establecido, algunas \u00e1reas han visto una estabilizaci\u00f3n o incluso un aumento en los alquileres.<\/p>\n<\/li>\n<\/ol>\n<h4>Comparaci\u00f3n y An\u00e1lisis<\/h4>\n<p>El an\u00e1lisis de la evoluci\u00f3n conjunta de los salarios y los alquileres revela varias tendencias preocupantes y desaf\u00edos futuros:<\/p>\n<ol>\n<li>\n<p><strong>Desajuste entre Salarios y Alquileres<\/strong><br>En muchas regiones, especialmente en ciudades globales, los alquileres han aumentado mucho m\u00e1s r\u00e1pido que los salarios. Esto ha llevado a una mayor proporci\u00f3n de ingresos destinados a la vivienda, disminuyendo el poder adquisitivo y la capacidad de ahorro de las familias.<\/p>\n<\/li>\n<li>\n<p><strong>Desigualdad Regional<\/strong><br>La brecha entre econom\u00edas desarrolladas y emergentes se ha ampliado en t\u00e9rminos de capacidad para soportar los costos de vivienda. En muchas ciudades de econom\u00edas emergentes, aunque los salarios han aumentado, los alquileres han subido a un ritmo a\u00fan mayor, exacerbando las desigualdades socioecon\u00f3micas.<\/p>\n<\/li>\n<li>\n<p><strong>Impacto de Pol\u00edticas P\u00fablicas<\/strong><br>Las pol\u00edticas de vivienda y el control de alquileres han jugado un papel crucial en algunos mercados. En lugares con regulaciones de alquiler m\u00e1s estrictas, los aumentos de los alquileres han sido m\u00e1s moderados, aunque a veces a costa de la disponibilidad de vivienda.<\/p>\n<\/li>\n<\/ol>\n<h4>Conclusi\u00f3n<\/h4>\n<p>La evoluci\u00f3n del salario medio mundial y el alquiler medio mundial pone de relieve la necesidad de pol\u00edticas integradas que aborden tanto el crecimiento econ\u00f3mico como la accesibilidad de la vivienda. Sin intervenciones adecuadas, la divergencia entre el aumento de los salarios y los alquileres podr\u00eda continuar exacerbando las desigualdades, impactando negativamente en la estabilidad econ\u00f3mica y social de las poblaciones. En este sentido, el seguimiento y an\u00e1lisis continuo de estas tendencias ser\u00e1n cruciales para informar decisiones pol\u00edticas y promover un desarrollo m\u00e1s equitativo y sostenible.<\/p>\t\t\t\t\t\t<\/div>\n\t\t\t\t<\/div>\n\t\t\t\t\t<\/div>\n\t\t<\/div>\n\t\t\t\t\t<\/div>\n\t\t<\/section>\n\t\t\t\t<\/div>\n\t\t","protected":false},"excerpt":{"rendered":"<p>https:\/\/youtu.be\/7dW9NCkX6XE La Evoluci\u00f3n del Salario Medio Mundial versus el Alquiler Medio Mundial La relaci\u00f3n entre los salarios y los costos<\/p>\n","protected":false},"author":1,"featured_media":3162,"comment_status":"open","ping_status":"open","sticky":false,"template":"","format":"standard","meta":{"footnotes":""},"categories":[38,41],"tags":[],"class_list":["post-3140","post","type-post","status-publish","format-standard","has-post-thumbnail","hentry","category-actualidad","category-historia"],"_links":{"self":[{"href":"https:\/\/verumcrudeli.com\/index.php?rest_route=\/wp\/v2\/posts\/3140","targetHints":{"allow":["GET"]}}],"collection":[{"href":"https:\/\/verumcrudeli.com\/index.php?rest_route=\/wp\/v2\/posts"}],"about":[{"href":"https:\/\/verumcrudeli.com\/index.php?rest_route=\/wp\/v2\/types\/post"}],"author":[{"embeddable":true,"href":"https:\/\/verumcrudeli.com\/index.php?rest_route=\/wp\/v2\/users\/1"}],"replies":[{"embeddable":true,"href":"https:\/\/verumcrudeli.com\/index.php?rest_route=%2Fwp%2Fv2%2Fcomments&post=3140"}],"version-history":[{"count":20,"href":"https:\/\/verumcrudeli.com\/index.php?rest_route=\/wp\/v2\/posts\/3140\/revisions"}],"predecessor-version":[{"id":3170,"href":"https:\/\/verumcrudeli.com\/index.php?rest_route=\/wp\/v2\/posts\/3140\/revisions\/3170"}],"wp:featuredmedia":[{"embeddable":true,"href":"https:\/\/verumcrudeli.com\/index.php?rest_route=\/wp\/v2\/media\/3162"}],"wp:attachment":[{"href":"https:\/\/verumcrudeli.com\/index.php?rest_route=%2Fwp%2Fv2%2Fmedia&parent=3140"}],"wp:term":[{"taxonomy":"category","embeddable":true,"href":"https:\/\/verumcrudeli.com\/index.php?rest_route=%2Fwp%2Fv2%2Fcategories&post=3140"},{"taxonomy":"post_tag","embeddable":true,"href":"https:\/\/verumcrudeli.com\/index.php?rest_route=%2Fwp%2Fv2%2Ftags&post=3140"}],"curies":[{"name":"wp","href":"https:\/\/api.w.org\/{rel}","templated":true}]}}